{"id":5941,"date":"2025-10-01T11:09:56","date_gmt":"2025-10-01T09:09:56","guid":{"rendered":"https:\/\/www.comverga.com\/cze\/?p=5941"},"modified":"2025-10-01T12:11:04","modified_gmt":"2025-10-01T10:11:04","slug":"comverga-a-esim-management","status":"publish","type":"post","link":"https:\/\/www.comverga.com\/cze\/news\/comverga-a-esim-management\/","title":{"rendered":"COMVERGA a eSIM Management"},"content":{"rendered":"\t\t<div data-elementor-type=\"wp-post\" data-elementor-id=\"5941\" class=\"elementor elementor-5941\">\n\t\t\t\t\t\t\t\t\t<section class=\"elementor-section elementor-top-section elementor-element elementor-element-42cd25b elementor-section-boxed elementor-section-height-default elementor-section-height-default\" data-id=\"42cd25b\" data-element_type=\"section\">\n\t\t\t\t\t\t<div class=\"elementor-container elementor-column-gap-default\">\n\t\t\t\t\t<div class=\"elementor-column elementor-col-100 elementor-top-column elementor-element elementor-element-ce32196\" data-id=\"ce32196\" data-element_type=\"column\">\n\t\t\t<div class=\"elementor-widget-wrap elementor-element-populated\">\n\t\t\t\t\t\t\t\t<div class=\"elementor-element elementor-element-a53a935 elementor-widget__width-initial elementor-widget elementor-widget-shortcode\" data-id=\"a53a935\" data-element_type=\"widget\" data-widget_type=\"shortcode.default\">\n\t\t\t\t<div class=\"elementor-widget-container\">\n\t\t\t\t\t<div class=\"elementor-shortcode\"> <i class=\"fa-regular fa-clock\"><\/i>  01.10. 2025 &ensp;|&ensp; <i class=\"fa-solid fa-location-dot\"><\/i>  \u010cesk\u00e1 republika<\/div>\n\t\t\t\t<\/div>\n\t\t\t\t<\/div>\n\t\t\t\t<div class=\"elementor-element elementor-element-974d67d elementor-widget__width-initial elementor-widget elementor-widget-text-editor\" data-id=\"974d67d\" data-element_type=\"widget\" data-widget_type=\"text-editor.default\">\n\t\t\t\t<div class=\"elementor-widget-container\">\n\t\t\t\t\t\t\t<p>COMVERGA nab\u00edz\u00ed centr\u00e1ln\u00ed eSIM platformu, kter\u00e1 umo\u017e\u0148uje komplexn\u00ed a flexibiln\u00ed spr\u00e1vu p\u0159ipojen\u00ed v\u0161ech za\u0159\u00edzen\u00ed odkudkoli na sv\u011bt\u011b. Poskytuje kompletn\u00ed \u0159e\u0161en\u00ed v\u010detn\u011b white-label platformy, kter\u00e1 usnad\u0148uje \u0159\u00edzen\u00ed businessu a integraci do firemn\u00edch proces\u016f. <\/p><p>Dan\u00e9 \u0159e\u0161en\u00ed v\u00fdrazn\u011b sni\u017euje n\u00e1klady na logistiku, zvy\u0161uje efektivitu v\u00fdroby a minimalizuje pot\u0159ebu skladov\u00fdch jednotek. \u0158e\u0161en\u00ed eSIM managementu zaji\u0161\u0165uje, aby ka\u017ed\u00e9 za\u0159\u00edzen\u00ed m\u011blo v\u017edy nejvhodn\u011bj\u0161\u00ed konektivitu v dan\u00e9m \u010dase a m\u00edst\u011b.<\/p>\t\t\t\t\t\t<\/div>\n\t\t\t\t<\/div>\n\t\t\t\t<div class=\"elementor-element elementor-element-b295d9d elementor-widget__width-initial elementor-widget elementor-widget-image\" data-id=\"b295d9d\" data-element_type=\"widget\" data-widget_type=\"image.default\">\n\t\t\t\t<div class=\"elementor-widget-container\">\n\t\t\t\t\t\t\t\t\t\t\t\t\t\t\t<img fetchpriority=\"high\" decoding=\"async\" width=\"1000\" height=\"667\" src=\"https:\/\/www.comverga.com\/cze\/wp-content\/uploads\/sites\/3\/2025\/09\/Detail_areas.png\" class=\"attachment-full size-full wp-image-5828\" alt=\"\" srcset=\"https:\/\/www.comverga.com\/cze\/wp-content\/uploads\/sites\/3\/2025\/09\/Detail_areas.png 1000w, https:\/\/www.comverga.com\/cze\/wp-content\/uploads\/sites\/3\/2025\/09\/Detail_areas-300x200.png 300w, https:\/\/www.comverga.com\/cze\/wp-content\/uploads\/sites\/3\/2025\/09\/Detail_areas-768x512.png 768w, https:\/\/www.comverga.com\/cze\/wp-content\/uploads\/sites\/3\/2025\/09\/Detail_areas-18x12.png 18w\" sizes=\"(max-width: 1000px) 100vw, 1000px\" \/>\t\t\t\t\t\t\t\t\t\t\t\t\t\t\t<\/div>\n\t\t\t\t<\/div>\n\t\t\t\t<div class=\"elementor-element elementor-element-4afe851 elementor-widget__width-initial elementor-widget elementor-widget-text-editor\" data-id=\"4afe851\" data-element_type=\"widget\" data-widget_type=\"text-editor.default\">\n\t\t\t\t<div class=\"elementor-widget-container\">\n\t\t\t\t\t\t\t<p>COMVERGA nab\u00edz\u00ed odborn\u00e9 konzultace i \u0159e\u0161en\u00ed na m\u00edru konkr\u00e9tn\u00edmu businessu. COMVERGA je tak spolehliv\u00fdm partnerem pro firmy, kter\u00e9 cht\u011bj\u00ed m\u00edt svou konektivitu pod kontrolou a optimalizovat provoz v ka\u017ed\u00e9m kroku \u017eivotn\u00edho cyklu za\u0159\u00edzen\u00ed.<\/p><p>V\u00edce o eSIM \u0159e\u0161en\u00ed <a href=\"\/cze\/sluzby\/software-as-a-service-platform-as-a-service\/sdp-pro-esim-management\/\">zde<\/a>.<\/p>\t\t\t\t\t\t<\/div>\n\t\t\t\t<\/div>\n\t\t\t\t\t<\/div>\n\t\t<\/div>\n\t\t\t\t\t\t\t<\/div>\n\t\t<\/section>\n\t\t\t\t<section class=\"elementor-section elementor-top-section elementor-element elementor-element-ff133c6 elementor-section-boxed elementor-section-height-default elementor-section-height-default\" data-id=\"ff133c6\" data-element_type=\"section\">\n\t\t\t\t\t\t<div class=\"elementor-container elementor-column-gap-default\">\n\t\t\t\t\t<div class=\"elementor-column elementor-col-100 elementor-top-column elementor-element elementor-element-8a4be83\" data-id=\"8a4be83\" data-element_type=\"column\">\n\t\t\t<div class=\"elementor-widget-wrap elementor-element-populated\">\n\t\t\t\t\t\t\t\t<div class=\"elementor-element elementor-element-9124003 elementor-widget__width-initial premium-lq__none elementor-widget elementor-widget-premium-addon-button\" data-id=\"9124003\" data-element_type=\"widget\" data-widget_type=\"premium-addon-button.default\">\n\t\t\t\t<div class=\"elementor-widget-container\">\n\t\t\t\r\n\r\n\t\t<a class=\"premium-button premium-button-none premium-btn-md premium-button-none\" href=\"\/cze\/aktuality\">\r\n\t\t\t<div class=\"premium-button-text-icon-wrapper\">\r\n\t\t\t\t\r\n\t\t\t\t\t\t\t\t\t<span >\r\n\t\t\t\t\t\tAktuality\t\t\t\t\t<\/span>\r\n\t\t\t\t\r\n\t\t\t\t\t\t\t<\/div>\r\n\r\n\t\t\t\r\n\t\t\t\r\n\t\t\t\r\n\t\t<\/a>\r\n\r\n\r\n\t\t\t\t<\/div>\n\t\t\t\t<\/div>\n\t\t\t\t\t<\/div>\n\t\t<\/div>\n\t\t\t\t\t\t\t<\/div>\n\t\t<\/section>\n\t\t\t\t\t\t\t<\/div>\n\t\t","protected":false},"excerpt":{"rendered":"<p>COMVERGA nab\u00edz\u00ed centr\u00e1ln\u00ed eSIM platformu, kter\u00e1 umo\u017e\u0148uje komplexn\u00ed a flexibiln\u00ed spr\u00e1vu p\u0159ipojen\u00ed v\u0161ech za\u0159\u00edzen\u00ed odkudkoli na sv\u011bt\u011b. Poskytuje kompletn\u00ed \u0159e\u0161en\u00ed v\u010detn\u011b white-label platformy, kter\u00e1 usnad\u0148uje \u0159\u00edzen\u00ed businessu a integraci do firemn\u00edch proces\u016f.<\/p>\n","protected":false},"author":1,"featured_media":5811,"comment_status":"closed","ping_status":"closed","sticky":false,"template":"","format":"standard","meta":{"footnotes":""},"categories":[1],"tags":[82],"_links":{"self":[{"href":"https:\/\/www.comverga.com\/cze\/wp-json\/wp\/v2\/posts\/5941"}],"collection":[{"href":"https:\/\/www.comverga.com\/cze\/wp-json\/wp\/v2\/posts"}],"about":[{"href":"https:\/\/www.comverga.com\/cze\/wp-json\/wp\/v2\/types\/post"}],"author":[{"embeddable":true,"href":"https:\/\/www.comverga.com\/cze\/wp-json\/wp\/v2\/users\/1"}],"replies":[{"embeddable":true,"href":"https:\/\/www.comverga.com\/cze\/wp-json\/wp\/v2\/comments?post=5941"}],"version-history":[{"count":12,"href":"https:\/\/www.comverga.com\/cze\/wp-json\/wp\/v2\/posts\/5941\/revisions"}],"predecessor-version":[{"id":5956,"href":"https:\/\/www.comverga.com\/cze\/wp-json\/wp\/v2\/posts\/5941\/revisions\/5956"}],"wp:featuredmedia":[{"embeddable":true,"href":"https:\/\/www.comverga.com\/cze\/wp-json\/wp\/v2\/media\/5811"}],"wp:attachment":[{"href":"https:\/\/www.comverga.com\/cze\/wp-json\/wp\/v2\/media?parent=5941"}],"wp:term":[{"taxonomy":"category","embeddable":true,"href":"https:\/\/www.comverga.com\/cze\/wp-json\/wp\/v2\/categories?post=5941"},{"taxonomy":"post_tag","embeddable":true,"href":"https:\/\/www.comverga.com\/cze\/wp-json\/wp\/v2\/tags?post=5941"}],"curies":[{"name":"wp","href":"https:\/\/api.w.org\/{rel}","templated":true}]}}