{"id":6198,"date":"2025-03-03T17:07:21","date_gmt":"2025-03-03T17:07:21","guid":{"rendered":"https:\/\/www.comverga.com\/int\/?p=6198"},"modified":"2025-03-26T17:14:34","modified_gmt":"2025-03-26T17:14:34","slug":"comverga-at-mwc-2025-in-barcelona","status":"publish","type":"post","link":"https:\/\/www.comverga.com\/int\/de\/comverga-at-mwc-2025-in-barcelona\/","title":{"rendered":"COMVERGA auf dem MWC 2025 in Barcelona"},"content":{"rendered":"<div data-elementor-type=\"wp-post\" data-elementor-id=\"6198\" class=\"elementor elementor-6198\">\n\t\t\t\t\t\t\t\t\t<section class=\"elementor-section elementor-top-section elementor-element elementor-element-35d441c0 elementor-section-boxed elementor-section-height-default elementor-section-height-default\" data-id=\"35d441c0\" data-element_type=\"section\">\n\t\t\t\t\t\t<div class=\"elementor-container elementor-column-gap-default\">\n\t\t\t\t\t<div class=\"elementor-column elementor-col-100 elementor-top-column elementor-element elementor-element-775bdd59\" data-id=\"775bdd59\" data-element_type=\"column\">\n\t\t\t<div class=\"elementor-widget-wrap elementor-element-populated\">\n\t\t\t\t\t\t\t\t<div class=\"elementor-element elementor-element-76ff077 elementor-widget__width-initial elementor-widget elementor-widget-shortcode\" data-id=\"76ff077\" data-element_type=\"widget\" data-widget_type=\"shortcode.default\">\n\t\t\t\t<div class=\"elementor-widget-container\">\n\t\t\t\t\t<div class=\"elementor-shortcode\"> <i class=\"fa-regular fa-clock\"><\/i> 03.03. 2025 - 05.03.2025&ensp;|&ensp; <i class=\"fa-solid fa-location-dot\"><\/i>  Barcelona, Spanien<\/div>\n\t\t\t\t<\/div>\n\t\t\t\t<\/div>\n\t\t\t\t<div class=\"elementor-element elementor-element-652f962e elementor-widget__width-initial elementor-widget elementor-widget-text-editor\" data-id=\"652f962e\" data-element_type=\"widget\" data-widget_type=\"text-editor.default\">\n\t\t\t\t<div class=\"elementor-widget-container\">\n\t\t\t<style>\/*! elementor - v3.18.0 - 08-12-2023 *\/\n.elementor-widget-text-editor.elementor-drop-cap-view-stacked .elementor-drop-cap{background-color:#69727d;color:#fff}.elementor-widget-text-editor.elementor-drop-cap-view-framed .elementor-drop-cap{color:#69727d;border:3px solid;background-color:transparent}.elementor-widget-text-editor:not(.elementor-drop-cap-view-default) .elementor-drop-cap{margin-top:8px}.elementor-widget-text-editor:not(.elementor-drop-cap-view-default) .elementor-drop-cap-letter{width:1em;height:1em}.elementor-widget-text-editor .elementor-drop-cap{float:left;text-align:center;line-height:1;font-size:50px}.elementor-widget-text-editor .elementor-drop-cap-letter{display:inline-block}<\/style>\t\t\t\t<p>COMVERGA hat erneut am prestigetr\u00e4chtigen Mobile World Congress 2025 in Barcelona teilgenommen. Unser Ziel war es nicht nur, neue Partnerschaften zu kn\u00fcpfen und unser Kontaktnetz zu erweitern, sondern auch, mit weltweit f\u00fchrenden Vertretern der technologischen Innovation in der Telekommunikation zu diskutieren.<\/p><p>Wir konzentrierten uns auf die gegenseitigen Synergien der angebotenen Plattformen, eSIM-Management, IoT, Messaging und andere Schl\u00fcsselbereiche. Die regelm\u00e4\u00dfige Teilnahme am MWC ist f\u00fcr uns der Schl\u00fcssel zur St\u00e4rkung bestehender Gesch\u00e4ftsbeziehungen, zur Suche nach neuen M\u00f6glichkeiten und zur kontinuierlichen Beteiligung an der dynamischen Welt der mobilen Kommunikation.<\/p>\t\t\t\t\t\t<\/div>\n\t\t\t\t<\/div>\n\t\t\t\t<div class=\"elementor-element elementor-element-8dd9912 elementor-widget elementor-widget-image\" data-id=\"8dd9912\" data-element_type=\"widget\" data-widget_type=\"image.default\">\n\t\t\t\t<div class=\"elementor-widget-container\">\n\t\t\t<style>\/*! elementor - v3.18.0 - 08-12-2023 *\/\n.elementor-widget-image{text-align:center}.elementor-widget-image a{display:inline-block}.elementor-widget-image a img[src$=\".svg\"]{width:48px}.elementor-widget-image img{vertical-align:middle;display:inline-block}<\/style>\t\t\t\t\t\t\t\t\t\t\t\t<img fetchpriority=\"high\" decoding=\"async\" width=\"2048\" height=\"1021\" src=\"https:\/\/www.comverga.com\/int\/wp-content\/uploads\/sites\/5\/2025\/03\/MWC25_2048x1024_DETAIL.jpg\" class=\"attachment-full size-full wp-image-6199\" alt=\"\" srcset=\"https:\/\/www.comverga.com\/int\/wp-content\/uploads\/sites\/5\/2025\/03\/MWC25_2048x1024_DETAIL.jpg 2048w, https:\/\/www.comverga.com\/int\/wp-content\/uploads\/sites\/5\/2025\/03\/MWC25_2048x1024_DETAIL-300x150.jpg 300w, https:\/\/www.comverga.com\/int\/wp-content\/uploads\/sites\/5\/2025\/03\/MWC25_2048x1024_DETAIL-1024x511.jpg 1024w, https:\/\/www.comverga.com\/int\/wp-content\/uploads\/sites\/5\/2025\/03\/MWC25_2048x1024_DETAIL-768x383.jpg 768w, https:\/\/www.comverga.com\/int\/wp-content\/uploads\/sites\/5\/2025\/03\/MWC25_2048x1024_DETAIL-1536x766.jpg 1536w, https:\/\/www.comverga.com\/int\/wp-content\/uploads\/sites\/5\/2025\/03\/MWC25_2048x1024_DETAIL-18x9.jpg 18w, https:\/\/www.comverga.com\/int\/wp-content\/uploads\/sites\/5\/2025\/03\/MWC25_2048x1024_DETAIL-1200x598.jpg 1200w, https:\/\/www.comverga.com\/int\/wp-content\/uploads\/sites\/5\/2025\/03\/MWC25_2048x1024_DETAIL-1980x987.jpg 1980w\" sizes=\"(max-width: 2048px) 100vw, 2048px\" \/>\t\t\t\t\t\t\t\t\t\t\t\t\t\t\t<\/div>\n\t\t\t\t<\/div>\n\t\t\t\t<div class=\"elementor-element elementor-element-4da5296b elementor-widget__width-initial elementor-widget elementor-widget-text-editor\" data-id=\"4da5296b\" data-element_type=\"widget\" data-widget_type=\"text-editor.default\">\n\t\t\t\t<div class=\"elementor-widget-container\">\n\t\t\t\t\t\t\t<p>W\u00e4hrend des MWC 2025 hatten wir Dutzende von inspirierenden Treffen, die die Grundlage f\u00fcr zuk\u00fcnftige strategische Partnerschaften bilden. Wir glauben, dass diese Treffen zu weiterem Wachstum und Innovation in der Telekommunikationsbranche beitragen werden.<\/p><p>Wir danken allen, die sich mit uns getroffen haben, und freuen uns auf die zuk\u00fcnftige Zusammenarbeit!<\/p>\t\t\t\t\t\t<\/div>\n\t\t\t\t<\/div>\n\t\t\t\t\t<\/div>\n\t\t<\/div>\n\t\t\t\t\t\t\t<\/div>\n\t\t<\/section>\n\t\t\t\t<section class=\"elementor-section elementor-top-section elementor-element elementor-element-5d2f391c elementor-section-boxed elementor-section-height-default elementor-section-height-default\" data-id=\"5d2f391c\" data-element_type=\"section\">\n\t\t\t\t\t\t<div class=\"elementor-container elementor-column-gap-default\">\n\t\t\t\t\t<div class=\"elementor-column elementor-col-100 elementor-top-column elementor-element elementor-element-64d222d5\" data-id=\"64d222d5\" data-element_type=\"column\">\n\t\t\t<div class=\"elementor-widget-wrap elementor-element-populated\">\n\t\t\t\t\t\t\t\t<div class=\"elementor-element elementor-element-0696a74 elementor-widget__width-initial premium-lq__none elementor-widget elementor-widget-premium-addon-button\" data-id=\"0696a74\" data-element_type=\"widget\" data-widget_type=\"premium-addon-button.default\">\n\t\t\t\t<div class=\"elementor-widget-container\">\n\t\t\t\r\n\r\n\t\t<a class=\"premium-button premium-button-none premium-btn-md premium-button-none\" href=\"https:\/\/www.comverga.com\/int\/de\/news\/\">\r\n\t\t\t<div class=\"premium-button-text-icon-wrapper\">\r\n\t\t\t\t\r\n\t\t\t\t\t\t\t\t\t<span >\r\n\t\t\t\t\t\tNeues \t\t\t\t\t<\/span>\r\n\t\t\t\t\r\n\t\t\t\t\t\t\t<\/div>\r\n\r\n\t\t\t\r\n\t\t\t\r\n\t\t\t\r\n\t\t<\/a>\r\n\r\n\r\n\t\t\t\t<\/div>\n\t\t\t\t<\/div>\n\t\t\t\t\t<\/div>\n\t\t<\/div>\n\t\t\t\t\t\t\t<\/div>\n\t\t<\/section>\n\t\t\t\t\t\t\t<\/div>","protected":false},"excerpt":{"rendered":"<p>COMVERGA hat erneut am prestigetr\u00e4chtigen Mobile World Congress 2025 in Barcelona teilgenommen. Unser Ziel war es nicht nur, neue Partnerschaften zu kn\u00fcpfen und unser Kontaktnetz zu erweitern, sondern auch, mit weltweit f\u00fchrenden Vertretern der technologischen Innovation in der Telekommunikation zu diskutieren.<\/p>","protected":false},"author":1,"featured_media":6200,"comment_status":"closed","ping_status":"closed","sticky":false,"template":"","format":"standard","meta":{"footnotes":""},"categories":[3],"tags":[7],"_links":{"self":[{"href":"https:\/\/www.comverga.com\/int\/de\/wp-json\/wp\/v2\/posts\/6198"}],"collection":[{"href":"https:\/\/www.comverga.com\/int\/de\/wp-json\/wp\/v2\/posts"}],"about":[{"href":"https:\/\/www.comverga.com\/int\/de\/wp-json\/wp\/v2\/types\/post"}],"author":[{"embeddable":true,"href":"https:\/\/www.comverga.com\/int\/de\/wp-json\/wp\/v2\/users\/1"}],"replies":[{"embeddable":true,"href":"https:\/\/www.comverga.com\/int\/de\/wp-json\/wp\/v2\/comments?post=6198"}],"version-history":[{"count":6,"href":"https:\/\/www.comverga.com\/int\/de\/wp-json\/wp\/v2\/posts\/6198\/revisions"}],"predecessor-version":[{"id":6206,"href":"https:\/\/www.comverga.com\/int\/de\/wp-json\/wp\/v2\/posts\/6198\/revisions\/6206"}],"wp:featuredmedia":[{"embeddable":true,"href":"https:\/\/www.comverga.com\/int\/de\/wp-json\/wp\/v2\/media\/6200"}],"wp:attachment":[{"href":"https:\/\/www.comverga.com\/int\/de\/wp-json\/wp\/v2\/media?parent=6198"}],"wp:term":[{"taxonomy":"category","embeddable":true,"href":"https:\/\/www.comverga.com\/int\/de\/wp-json\/wp\/v2\/categories?post=6198"},{"taxonomy":"post_tag","embeddable":true,"href":"https:\/\/www.comverga.com\/int\/de\/wp-json\/wp\/v2\/tags?post=6198"}],"curies":[{"name":"wp","href":"https:\/\/api.w.org\/{rel}","templated":true}]}}